[{"@context":"https:\/\/schema.org\/","@type":"Article","@id":"https:\/\/www.calliditas.sk\/wiercinski-studio-pracuje-na-szelag-garden-pavilion\/#Article","mainEntityOfPage":"https:\/\/www.calliditas.sk\/wiercinski-studio-pracuje-na-szelag-garden-pavilion\/","headline":"Wiercinski-studio pracuje na Szelag Garden Pavilion","name":"Wiercinski-studio pracuje na Szelag Garden Pavilion","description":"Pavilion Szelag Garden sa nach\u00e1dza na ulici Ugory v Poznani, pozemok priamo sused\u00ed s historick\u00fdm parkom Szelagowski a riekou Warta. Miesto sa nach\u00e1dza iba 3 &hellip; ","datePublished":"2020-03-24","dateModified":"2023-04-28","author":{"@type":"Person","@id":"https:\/\/www.calliditas.sk\/author\/#Person","name":"","url":"https:\/\/www.calliditas.sk\/author\/","identifier":1,"image":{"@type":"ImageObject","@id":"https:\/\/secure.gravatar.com\/avatar\/48db5b3634ed7a3f1f89bca90f0a2521b0bb3970d57e3653d258d10b0f31fdf3?s=96&d=mm&r=g","url":"https:\/\/secure.gravatar.com\/avatar\/48db5b3634ed7a3f1f89bca90f0a2521b0bb3970d57e3653d258d10b0f31fdf3?s=96&d=mm&r=g","height":96,"width":96}},"publisher":{"@type":"Organization","name":"calliditas.sk","logo":{"@type":"ImageObject","@id":"\/logo.png","url":"\/logo.png","width":600,"height":60}},"image":{"@type":"ImageObject","@id":"https:\/\/www.calliditas.sk\/wp-content\/uploads\/img_a310978_w16913_t1585120421.png","url":"https:\/\/www.calliditas.sk\/wp-content\/uploads\/img_a310978_w16913_t1585120421.png","height":0,"width":0},"url":"https:\/\/www.calliditas.sk\/wiercinski-studio-pracuje-na-szelag-garden-pavilion\/","about":["Z\u00e1hrada a dom"],"wordCount":377,"articleBody":"Pavilion Szelag Garden sa nach\u00e1dza na ulici Ugory v Poznani, pozemok priamo sused\u00ed s historick\u00fdm parkom Szelagowski a riekou Warta. Miesto sa nach\u00e1dza iba 3 km od centra mesta a v\u010faka revitaliz\u00e1cii rie\u010dnych oblast\u00ed a vytvoreniu cyklotrasy \u201eWartostrada\u201c je ob\u013e\u00faben\u00fdm miestom akt\u00edvneho odpo\u010dinku obyvate\u013eov mesta Pozna\u0148. Pozemok bol po cel\u00e9 roky opusten\u00fd a mesto sa rozhodlo vytvori\u0165 miestne komunitn\u00e9 centrum, spolo\u010densk\u00e9 z\u00e1hrady a miesto na odpo\u010dinok. Pozemok m\u00e1 rozlohu 2800 m2. Pavil\u00f3n sa nach\u00e1dza pri hlavnom vchode. V \u010fal\u0161ej rovinatej \u010dasti sa nach\u00e1dzaj\u00fa soci\u00e1lne z\u00e1hrady s miestami pestovan\u00fdmi obyvate\u013emi, triedami a diel\u0148ami. Pozemok m\u00e1 rozlohu 2800 m2. Na pozemku sa tie\u017e nach\u00e1dza do\u010dasn\u00e1 oblas\u0165 stravovania, detsk\u00fd k\u00fatik a na relax\u00e1ciu s\u00fa roztr\u00fasen\u00e9 dreven\u00e9 terasy. Cel\u00fd projekt m\u00e1 soci\u00e1lny a ekologick\u00fd charakter. Budova: Pri hlavnom vchode na pozemok pozd\u013a\u017e existuj\u00facej cesty bol postaven\u00fd celoro\u010dn\u00fd pavil\u00f3n jednoduch\u00e9ho tvaru. Jedn\u00e1 sa o najvy\u0161\u0161\u00ed bod oblasti, z ktor\u00e9ho najlep\u0161ie je v\u00fdh\u013ead na rieku. Objekt bol postaven\u00fd v \u013eahkej drevenej r\u00e1movej kon\u0161trukcii a vzh\u013eadom na sklonen\u00fd ter\u00e9n umiestnen\u00fd na dev\u00e4tn\u00e1s\u0165 bet\u00f3nov\u00fdch st\u013apov, udr\u017euj\u00faci \u00farove\u0148 podlahy na \u00farovni cesty, ktor\u00e1 poskytuje pohodln\u00fd pr\u00edstup aj pre osoby so zdravotn\u00fdm postihnut\u00edm. Tvar strechy a ich smer vypl\u00fdva z jednoduchej a ekonomickej stavby a otv\u00e1ra juhov\u00fdchodnou fas\u00e1dou smerom k rieke. Da\u017e\u010fov\u00e1 voda zo strechy je odveden\u00e1 a hlavne pou\u017e\u00edva sa na zavla\u017eovanie z\u00e1hrady. \u010cas\u0165 budovy bola vyrezan\u00e1 na vytvorenie zastre\u0161enej vstupnej z\u00f3ny a priechodu na terasu. Toto rie\u0161enie umo\u017e\u0148uje pou\u017eitie terasy aj pre pou\u017e\u00edvate\u013eov invalidn\u00fdch voz\u00edkov, aj ke\u010f je pavil\u00f3n zatvoren\u00fd. V stene uzatv\u00e1raj\u00facom priechodu na terasu bol vyrezan\u00fd ve\u013ek\u00fd otvor, ktor\u00fd z vn\u00fatra pavil\u00f3nu ohrani\u010duje poh\u013ead na park Szelagowski. Usporiadanie okien na fas\u00e1de je usporiadan\u00e9 tak\u00fdm sp\u00f4sobom, aby sa zr\u00e1mali pr\u00edslu\u0161n\u00e9 poh\u013eady z interi\u00e9ru a aby sa hospod\u00e1rne ve\u013ekosti okien preniesli do vhodn\u00e9ho mno\u017estva slne\u010dn\u00e9ho svetla.                                                                                                                                                                                                                                                                                                                                                                                        3.9\/5 - (7 votes)        "},{"@context":"https:\/\/schema.org\/","@type":"BreadcrumbList","itemListElement":[{"@type":"ListItem","position":1,"name":"Wiercinski-studio pracuje na Szelag Garden Pavilion","item":"https:\/\/www.calliditas.sk\/wiercinski-studio-pracuje-na-szelag-garden-pavilion\/#breadcrumbitem"}]}]