[{"@context":"https:\/\/schema.org\/","@type":"Article","@id":"https:\/\/www.calliditas.sk\/prenajimame-priestory-na-podnikanie\/#Article","mainEntityOfPage":"https:\/\/www.calliditas.sk\/prenajimame-priestory-na-podnikanie\/","headline":"Prenaj\u00edmame priestory na podnikanie","name":"Prenaj\u00edmame priestory na podnikanie","description":"M\u00e1te k dispoz\u00edcii vo\u013en\u00e9 priestory, ktor\u00e9 by bolo mo\u017en\u00e9 vyu\u017ei\u0165 na podnikate\u013esk\u00e9 \u00fa\u010dely? Napr\u00edklad ste zdedili od pr\u00edbuzn\u00fdch kamenn\u00fa predaj\u0148u s textilom \u010di potravinami, alebo &hellip; ","datePublished":"2024-05-21","dateModified":"2024-06-28","author":{"@type":"Person","@id":"https:\/\/www.calliditas.sk\/author\/#Person","name":"","url":"https:\/\/www.calliditas.sk\/author\/","identifier":1,"image":{"@type":"ImageObject","@id":"https:\/\/secure.gravatar.com\/avatar\/48db5b3634ed7a3f1f89bca90f0a2521b0bb3970d57e3653d258d10b0f31fdf3?s=96&d=mm&r=g","url":"https:\/\/secure.gravatar.com\/avatar\/48db5b3634ed7a3f1f89bca90f0a2521b0bb3970d57e3653d258d10b0f31fdf3?s=96&d=mm&r=g","height":96,"width":96}},"publisher":{"@type":"Organization","name":"calliditas.sk","logo":{"@type":"ImageObject","@id":"\/logo.png","url":"\/logo.png","width":600,"height":60}},"image":{"@type":"ImageObject","@id":"https:\/\/www.calliditas.sk\/wp-content\/uploads\/verdict-3667391_640_4.jpg","url":"https:\/\/www.calliditas.sk\/wp-content\/uploads\/verdict-3667391_640_4.jpg","height":0,"width":0},"url":"https:\/\/www.calliditas.sk\/prenajimame-priestory-na-podnikanie\/","about":["Business"],"wordCount":402,"articleBody":"      M\u00e1te k dispoz\u00edcii vo\u013en\u00e9 priestory, ktor\u00e9 by bolo mo\u017en\u00e9 vyu\u017ei\u0165 na podnikate\u013esk\u00e9 \u00fa\u010dely? Napr\u00edklad ste zdedili od pr\u00edbuzn\u00fdch kamenn\u00fa predaj\u0148u s textilom \u010di potravinami, alebo m\u00e1te k dispoz\u00edcii priestory, kde je mo\u017en\u00e9 prev\u00e1dzkova\u0165 kadern\u00edcky \u010di mas\u00e9rsky sal\u00f3n? Alebo m\u00e1te dokonca k dispoz\u00edcii v\u00e4\u010d\u0161ie priestory, vyu\u017eite\u013en\u00e9 na v\u00fdrobu \u010di mont\u00e1\u017e r\u00f4znych s\u00fa\u010diastok, alebo na servis v\u00fdpo\u010dtovej techniky, pr\u00edpadne priestory na prev\u00e1dzkovanie autoservisu a pneuservisu?Tak\u00e9to situ\u00e1cie nast\u00e1vaj\u00fa na Slovensku pomerne be\u017ene, a ak sa doty\u010dn\u00e1 osoba, ktor\u00e1 sa st\u00e1va \u0161\u0165astn\u00fdm majite\u013eom \u010di dedi\u010dom, sama neodhodl\u00e1 k podnikate\u013eskej \u010dinnosti, m\u00f4\u017ee tieto priestory v\u00fdhodne prenaja\u0165.Ak je t\u00fdmto \u010dlovekom sk\u00fasen\u00fd pr\u00e1vnik, \u013eahko potom vytvor\u00ed n\u00e1jomn\u00fa zmluvu a pon\u00fakne pren\u00e1jom d\u00f4veryhodn\u00fdm osob\u00e1m \u00faplne bez ob\u00e1v. Pr\u00e1vne vzdelanie je v tomto smere pochopite\u013ene v\u00fdhodn\u00e9, preto\u017ee zmluva je v\u017edy jedin\u00fdm vod\u00edtkom a d\u00f4kazn\u00fdm konan\u00edm v pr\u00edpade ak\u00fdchko\u013evek nezrovnalost\u00ed, a ak obsahuje v\u0161etky potrebn\u00e9 ustanovenia, je potom ve\u013emi \u013eahk\u00e9 obhajova\u0165 pr\u00e1vo na s\u00fade.Pr\u00e1ve preto je v\u00fdhodn\u00e9 a vlastne aj jedin\u00e9 spr\u00e1vne rie\u0161enie zveri\u0165 zostavenie n\u00e1jomnej zmluvy sk\u00fasen\u00fdm pr\u00e1vnikom, napr\u00edklad advok\u00e1tovi z Bratislavy.V zmluv\u00e1ch o pren\u00e1jme t\u00fdchto priestorov sa objavuj\u00fa klauzuly, ktor\u00e9 neb\u00fdvaj\u00fa be\u017en\u00e9 u n\u00e1jomn\u00fdch zml\u00fav bytov v bytov\u00fdch domoch, tu sa m\u00f4\u017ee objavi\u0165 rad \u010diastkov\u00fdch prvkov, ktor\u00e9 je nutn\u00e9 do zmluvy zahrn\u00fa\u0165, a vzia\u0165 do \u00favahy v\u0161etky mo\u017enosti, ktor\u00e9 tu m\u00f4\u017eu nasta\u0165 v priebehu zmluvn\u00e9ho (n\u00e1jomn\u00e9ho) vz\u0165ahu. V\u0161eobecne s\u00fa zmluvy o pren\u00e1jme priestorov pre podnikanie a prev\u00e1dzkovanie r\u00f4znych podobn\u00fdch \u010dinnost\u00ed zlo\u017eitej\u0161ie, a preto tie\u017e vy\u017eaduj\u00fa osoby s pr\u00e1vnym vzdelan\u00edm.Na vyhotovenie n\u00e1jomn\u00fdch zml\u00fav s\u00fa potrebn\u00e9 ur\u010dit\u00e9 podklady a osobn\u00e9 \u00fadaje z\u00fa\u010dastnen\u00fdch str\u00e1n, a advok\u00e1t je v tomto smere viazan\u00fd ml\u010danlivos\u0165ou, preto je tu zaru\u010den\u00e9, \u017ee sa \u017eiadna citliv\u00e1 osobn\u00e1 inform\u00e1cia nedostane do r\u00fak nepovolan\u00fdm osob\u00e1m, a u v\u00f4bec nie do m\u00e9di\u00ed.                                                                                                                                                                                                                                                                                                                                                                                          4.1\/5 - (8 votes)        "},{"@context":"https:\/\/schema.org\/","@type":"BreadcrumbList","itemListElement":[{"@type":"ListItem","position":1,"name":"Prenaj\u00edmame priestory na podnikanie","item":"https:\/\/www.calliditas.sk\/prenajimame-priestory-na-podnikanie\/#breadcrumbitem"}]}]