[{"@context":"https:\/\/schema.org\/","@type":"Article","@id":"https:\/\/www.calliditas.sk\/a-plan-uz-mate\/#Article","mainEntityOfPage":"https:\/\/www.calliditas.sk\/a-plan-uz-mate\/","headline":"A pl\u00e1n u\u017e m\u00e1te?","name":"A pl\u00e1n u\u017e m\u00e1te?","description":"Mali ste aj vy niekedy presn\u00fa predstavu o tom,ako m\u00e1 v skuto\u010dnosti vyzera\u0165 v\u00e1\u0161 byt? Asi je jasn\u00e9, \u017ee nie ka\u017ed\u00fd rozm\u00fd\u0161\u013ea takto dopredu, ale &hellip; ","datePublished":"2018-05-11","dateModified":"2023-04-28","author":{"@type":"Person","@id":"https:\/\/www.calliditas.sk\/author\/#Person","name":"","url":"https:\/\/www.calliditas.sk\/author\/","identifier":1,"image":{"@type":"ImageObject","@id":"https:\/\/secure.gravatar.com\/avatar\/48db5b3634ed7a3f1f89bca90f0a2521b0bb3970d57e3653d258d10b0f31fdf3?s=96&d=mm&r=g","url":"https:\/\/secure.gravatar.com\/avatar\/48db5b3634ed7a3f1f89bca90f0a2521b0bb3970d57e3653d258d10b0f31fdf3?s=96&d=mm&r=g","height":96,"width":96}},"publisher":{"@type":"Organization","name":"calliditas.sk","logo":{"@type":"ImageObject","@id":"\/logo.png","url":"\/logo.png","width":600,"height":60}},"image":{"@type":"ImageObject","@id":"https:\/\/www.calliditas.sk\/wp-content\/uploads\/img_a288816_w16504_t1529918974.jpg","url":"https:\/\/www.calliditas.sk\/wp-content\/uploads\/img_a288816_w16504_t1529918974.jpg","height":0,"width":0},"url":"https:\/\/www.calliditas.sk\/a-plan-uz-mate\/","about":["Tovar"],"wordCount":390,"articleBody":"             Mali ste aj vy niekedy presn\u00fa predstavu o tom,ako m\u00e1 v skuto\u010dnosti vyzera\u0165 v\u00e1\u0161 byt? Asi je jasn\u00e9, \u017ee nie ka\u017ed\u00fd rozm\u00fd\u0161\u013ea takto dopredu, ale pravdou je, \u017ee v kone\u010dnom d\u00f4sledku nad bud\u00facnos\u0165ou naozaj prem\u00fd\u0161\u013ea \u00faplne ka\u017ed\u00fd. V\u017edy som si myslela, \u017ee je prehnan\u00e9, ke\u010f u\u017e v p\u00e4tn\u00e1stich mysl\u00edm na to, \u010do bude o desa\u0165 rokov. Ale vedela som, \u017ee to nie je celkom tak a \u017ee m\u00f4\u017eem myslie\u0165 aj na in\u00e9 veci, ktor\u00e9 ma obklopuj\u00fa. Ob\u010das je proste toto naozaj to, \u010do potrebujete. Tak\u017ee som sa na to zamerala a u\u017e som vedela, \u017ee to v\u0161etko m\u00e1 nejak\u00fd svoj vlastn\u00fd v\u00fdznam.Myslela som dopredu a teda som nebola zasko\u010den\u00e1z ni\u010doho, \u010do ma v \u017eivote postretlo. Nev\u00e1hala som nad t\u00fdm, \u010do chcem \u00eds\u0165 \u0161tudova\u0165, nev\u00e1hala som nad t\u00fdm, kde sa chcem zamestna\u0165, ak\u00e9ho chcem ma\u0165 partnera a taktie\u017e som nev\u00e1hala ani vtedy, ke\u010f som si zaria\u010fovala svoj vlastn\u00fd byt. Ak pre m\u0148a existovalo nie\u010do, \u010do bolo naozaj d\u00f4le\u017eit\u00e9, tak to bolo hlavne to, aby som mala byt, ktor\u00fd je modern\u00fd. Z nejak\u00e9ho d\u00f4vodu som si na tom skuto\u010dne zakladala, ale naozaj to bola moja predstava. A ke\u010f\u017ee som rozm\u00fd\u0161\u013eala ve\u013emi dopredu, vedela som aj to, \u010do v\u0161etko m\u00e1 obsahova\u0165.Najprv som sa ako ka\u017ed\u00e1 \u017eena s\u00fastredilana doplnky, ale moju predstavu nar\u00fa\u0161ali aj be\u017en\u00e9 veci, ktor\u00e9 som jednoducho musela ma\u0165. Boli to sklenen\u00e9 posuvn\u00e9 dvere, dla\u017eby, okn\u00e1, jednoducho v\u0161etky praktick\u00e9 veci. Ale aj to som nakoniec premyslela a vedela som, \u017ee som urobila dobre, ke\u010f som si na\u0161la to svoje vlastn\u00e9. M\u00f4j partner vlastne u\u017e len pri\u0161iel do hotov\u00e9ho, lebo ve\u013emi dobre vedel, \u017ee odporova\u0165 m\u00f4jmu pl\u00e1nu sa skuto\u010dne neoplat\u00ed, a to ani v najmen\u0161om. \u010co viac teda mohol chcie\u0165? \u010co viac mohol robi\u0165 a sk\u00fasi\u0165? V\u0161etko to bolo jasn\u00e9 ako facka, tak\u017ee u\u017e viac nebolo o \u010dom \u0161pekulova\u0165. Ale mus\u00edm poveda\u0165, \u017ee aj m\u0148a sam\u00fa vydesilo, ak\u00fd naozaj prepracovan\u00fd je m\u00f4j pl\u00e1n. To je skuto\u010dne vtipn\u00e9. D\u00fafam, \u017ee moje deti nebud\u00fa \u00faplne po mne.                                                                                                                                                                                                                                                                                                                                                                                          4.7\/5 - (6 votes)        "},{"@context":"https:\/\/schema.org\/","@type":"BreadcrumbList","itemListElement":[{"@type":"ListItem","position":1,"name":"A pl\u00e1n u\u017e m\u00e1te?","item":"https:\/\/www.calliditas.sk\/a-plan-uz-mate\/#breadcrumbitem"}]}]